{"id":12781,"date":"2026-04-16T12:12:08","date_gmt":"2026-04-16T10:12:08","guid":{"rendered":"https:\/\/www.aerophile.com\/?p=12781"},"modified":"2026-04-29T16:37:41","modified_gmt":"2026-04-29T14:37:41","slug":"reportaje-tv-aerophiles-globos-un-exito-frances","status":"publish","type":"post","link":"https:\/\/www.aerophile.com\/es\/reportaje-tv-aerophiles-globos-un-exito-frances\/","title":{"rendered":"[Reportaje TV] Aerophile&#8217;s globos: un \u00e9xito franc\u00e9s"},"content":{"rendered":"<p>Muchas gracias a TF1 por este reportaje dedicado a Aerophile, emitido en el telediario de las 13:00 horas del 14 de abril de 2026.<br \/>\nEl pebetero de los Juegos Ol\u00edmpicos de Par\u00eds 2024, el Globo Generali de Par\u00eds, el Aerobar en el Futuroscope, la f\u00e1brica de Montceau-les-Mines y muchas otras im\u00e1genes repasan la notable trayectoria de Aerophile a lo largo de los \u00faltimos 30 a\u00f1os y presentan sus atracciones estrella: los grandes globos cautivos llenos de helio y los Aerobars.<br \/>\nDesc\u00fabrelo aqu\u00ed \ud83d\udc47\ud83c\udffb<\/p>\n<div style=\"width: 640px;\" class=\"wp-video\"><video class=\"wp-video-shortcode\" id=\"video-12781-1\" width=\"640\" height=\"360\" preload=\"metadata\" controls=\"controls\"><source type=\"video\/mp4\" src=\"https:\/\/www.aerophile.com\/admin\/wp-content\/uploads\/2026\/04\/20260424-tf1-en-report-aerophile.mp4?_=1\" \/><a href=\"https:\/\/www.aerophile.com\/admin\/wp-content\/uploads\/2026\/04\/20260424-tf1-en-report-aerophile.mp4\">https:\/\/www.aerophile.com\/admin\/wp-content\/uploads\/2026\/04\/20260424-tf1-en-report-aerophile.mp4<\/a><\/video><\/div>\n","protected":false},"excerpt":{"rendered":"<p>Muchas gracias a TF1 por este reportaje dedicado a Aerophile, emitido en el telediario de las 13:00 horas del 14 de abril de 2026. El pebetero de los Juegos Ol\u00edmpicos de Par\u00eds 2024, el Globo Generali de Par\u00eds, el Aerobar en el Futuroscope, la f\u00e1brica de Montceau-les-Mines y muchas otras im\u00e1genes repasan la notable trayectoria [&hellip;]<\/p>\n","protected":false},"author":5,"featured_media":12772,"comment_status":"closed","ping_status":"closed","sticky":false,"template":"","format":"standard","meta":{"_acf_changed":false,"footnotes":""},"categories":[4],"tags":[],"class_list":["post-12781","post","type-post","status-publish","format-standard","has-post-thumbnail","hentry","category-news-es"],"acf":[],"yoast_head":"<!-- This site is optimized with the Yoast SEO plugin v27.2 - https:\/\/yoast.com\/product\/yoast-seo-wordpress\/ -->\n<title>[Reportaje TV] Aerophile&#039;s globos: un \u00e9xito franc\u00e9s - Aerophile<\/title>\n<meta name=\"description\" content=\"Muchas gracias a TF1 por este reportaje dedicado a Aerophile, emitido en el telediario de las 13:00 horas del 14 de abril de 2026. El pebetero de los\" \/>\n<meta name=\"robots\" content=\"index, follow, max-snippet:-1, max-image-preview:large, max-video-preview:-1\" \/>\n<link rel=\"canonical\" href=\"https:\/\/www.aerophile.com\/es\/reportaje-tv-aerophiles-globos-un-exito-frances\/\" \/>\n<meta property=\"og:locale\" content=\"es_ES\" \/>\n<meta property=\"og:type\" content=\"article\" \/>\n<meta property=\"og:title\" content=\"[Reportaje TV] Aerophile&#039;s globos: un \u00e9xito franc\u00e9s - Aerophile\" \/>\n<meta property=\"og:description\" content=\"Muchas gracias a TF1 por este reportaje dedicado a Aerophile, emitido en el telediario de las 13:00 horas del 14 de abril de 2026. El pebetero de los\" \/>\n<meta property=\"og:url\" content=\"https:\/\/www.aerophile.com\/es\/reportaje-tv-aerophiles-globos-un-exito-frances\/\" \/>\n<meta property=\"og:site_name\" content=\"Aerophile\" \/>\n<meta property=\"article:publisher\" content=\"https:\/\/www.facebook.com\/AerophileSAS\/\" \/>\n<meta property=\"article:published_time\" content=\"2026-04-16T10:12:08+00:00\" \/>\n<meta property=\"article:modified_time\" content=\"2026-04-29T14:37:41+00:00\" \/>\n<meta property=\"og:image\" content=\"https:\/\/www.aerophile.com\/admin\/wp-content\/uploads\/2026\/04\/jt-13h-tf1-14042026-aspect-ratio-360-220.png\" \/>\n\t<meta property=\"og:image:width\" content=\"2310\" \/>\n\t<meta property=\"og:image:height\" content=\"1412\" \/>\n\t<meta property=\"og:image:type\" content=\"image\/png\" \/>\n<meta name=\"author\" content=\"Nathalie\" \/>\n<meta name=\"twitter:card\" content=\"summary_large_image\" \/>\n<meta name=\"twitter:creator\" content=\"@AEROPHILE_SAS\" \/>\n<meta name=\"twitter:site\" content=\"@AEROPHILE_SAS\" \/>\n<meta name=\"twitter:label1\" content=\"Escrito por\" \/>\n\t<meta name=\"twitter:data1\" content=\"Nathalie\" \/>\n<script type=\"application\/ld+json\" class=\"yoast-schema-graph\">{\"@context\":\"https:\/\/schema.org\",\"@graph\":[{\"@type\":\"Article\",\"@id\":\"https:\/\/www.aerophile.com\/es\/reportaje-tv-aerophiles-globos-un-exito-frances\/#article\",\"isPartOf\":{\"@id\":\"https:\/\/www.aerophile.com\/es\/reportaje-tv-aerophiles-globos-un-exito-frances\/\"},\"author\":{\"name\":\"Nathalie\",\"@id\":\"https:\/\/www.aerophile.com\/es\/#\/schema\/person\/4b7d2dc5263f48778ab7e062768826e9\"},\"headline\":\"[Reportaje TV] Aerophile&#8217;s globos: un \u00e9xito franc\u00e9s\",\"datePublished\":\"2026-04-16T10:12:08+00:00\",\"dateModified\":\"2026-04-29T14:37:41+00:00\",\"mainEntityOfPage\":{\"@id\":\"https:\/\/www.aerophile.com\/es\/reportaje-tv-aerophiles-globos-un-exito-frances\/\"},\"wordCount\":108,\"publisher\":{\"@id\":\"https:\/\/www.aerophile.com\/es\/#organization\"},\"image\":{\"@id\":\"https:\/\/www.aerophile.com\/es\/reportaje-tv-aerophiles-globos-un-exito-frances\/#primaryimage\"},\"thumbnailUrl\":\"https:\/\/www.aerophile.com\/admin\/wp-content\/uploads\/2026\/04\/jt-13h-tf1-14042026-aspect-ratio-360-220.png\",\"articleSection\":[\"News\"],\"inLanguage\":\"es\"},{\"@type\":\"WebPage\",\"@id\":\"https:\/\/www.aerophile.com\/es\/reportaje-tv-aerophiles-globos-un-exito-frances\/\",\"url\":\"https:\/\/www.aerophile.com\/es\/reportaje-tv-aerophiles-globos-un-exito-frances\/\",\"name\":\"[Reportaje TV] Aerophile's globos: un \u00e9xito franc\u00e9s - Aerophile\",\"isPartOf\":{\"@id\":\"https:\/\/www.aerophile.com\/es\/#website\"},\"primaryImageOfPage\":{\"@id\":\"https:\/\/www.aerophile.com\/es\/reportaje-tv-aerophiles-globos-un-exito-frances\/#primaryimage\"},\"image\":{\"@id\":\"https:\/\/www.aerophile.com\/es\/reportaje-tv-aerophiles-globos-un-exito-frances\/#primaryimage\"},\"thumbnailUrl\":\"https:\/\/www.aerophile.com\/admin\/wp-content\/uploads\/2026\/04\/jt-13h-tf1-14042026-aspect-ratio-360-220.png\",\"datePublished\":\"2026-04-16T10:12:08+00:00\",\"dateModified\":\"2026-04-29T14:37:41+00:00\",\"description\":\"Muchas gracias a TF1 por este reportaje dedicado a Aerophile, emitido en el telediario de las 13:00 horas del 14 de abril de 2026. El pebetero de los\",\"inLanguage\":\"es\",\"potentialAction\":[{\"@type\":\"ReadAction\",\"target\":[\"https:\/\/www.aerophile.com\/es\/reportaje-tv-aerophiles-globos-un-exito-frances\/\"]}]},{\"@type\":\"ImageObject\",\"inLanguage\":\"es\",\"@id\":\"https:\/\/www.aerophile.com\/es\/reportaje-tv-aerophiles-globos-un-exito-frances\/#primaryimage\",\"url\":\"https:\/\/www.aerophile.com\/admin\/wp-content\/uploads\/2026\/04\/jt-13h-tf1-14042026-aspect-ratio-360-220.png\",\"contentUrl\":\"https:\/\/www.aerophile.com\/admin\/wp-content\/uploads\/2026\/04\/jt-13h-tf1-14042026-aspect-ratio-360-220.png\",\"width\":2310,\"height\":1412},{\"@type\":\"WebSite\",\"@id\":\"https:\/\/www.aerophile.com\/es\/#website\",\"url\":\"https:\/\/www.aerophile.com\/es\/\",\"name\":\"Aerophile\",\"description\":\"El leader mundial del globo cautivo\",\"publisher\":{\"@id\":\"https:\/\/www.aerophile.com\/es\/#organization\"},\"potentialAction\":[{\"@type\":\"SearchAction\",\"target\":{\"@type\":\"EntryPoint\",\"urlTemplate\":\"https:\/\/www.aerophile.com\/es\/?s={search_term_string}\"},\"query-input\":{\"@type\":\"PropertyValueSpecification\",\"valueRequired\":true,\"valueName\":\"search_term_string\"}}],\"inLanguage\":\"es\"},{\"@type\":\"Organization\",\"@id\":\"https:\/\/www.aerophile.com\/es\/#organization\",\"name\":\"Aerophile\",\"url\":\"https:\/\/www.aerophile.com\/es\/\",\"logo\":{\"@type\":\"ImageObject\",\"inLanguage\":\"es\",\"@id\":\"https:\/\/www.aerophile.com\/es\/#\/schema\/logo\/image\/\",\"url\":\"https:\/\/www.aerophile.com\/admin\/wp-content\/uploads\/2023\/03\/logo-aerophile-30-web-1.png\",\"contentUrl\":\"https:\/\/www.aerophile.com\/admin\/wp-content\/uploads\/2023\/03\/logo-aerophile-30-web-1.png\",\"width\":1015,\"height\":597,\"caption\":\"Aerophile\"},\"image\":{\"@id\":\"https:\/\/www.aerophile.com\/es\/#\/schema\/logo\/image\/\"},\"sameAs\":[\"https:\/\/www.facebook.com\/AerophileSAS\/\",\"https:\/\/x.com\/AEROPHILE_SAS\"]},{\"@type\":\"Person\",\"@id\":\"https:\/\/www.aerophile.com\/es\/#\/schema\/person\/4b7d2dc5263f48778ab7e062768826e9\",\"name\":\"Nathalie\",\"image\":{\"@type\":\"ImageObject\",\"inLanguage\":\"es\",\"@id\":\"https:\/\/secure.gravatar.com\/avatar\/6a2ec4cbac893668c574d7d09a7b1f34c57fcc7846829e4e345282d4315f489d?s=96&d=mm&r=g\",\"url\":\"https:\/\/secure.gravatar.com\/avatar\/6a2ec4cbac893668c574d7d09a7b1f34c57fcc7846829e4e345282d4315f489d?s=96&d=mm&r=g\",\"contentUrl\":\"https:\/\/secure.gravatar.com\/avatar\/6a2ec4cbac893668c574d7d09a7b1f34c57fcc7846829e4e345282d4315f489d?s=96&d=mm&r=g\",\"caption\":\"Nathalie\"}}]}<\/script>\n<!-- \/ Yoast SEO plugin. -->","yoast_head_json":{"title":"[Reportaje TV] Aerophile's globos: un \u00e9xito franc\u00e9s - Aerophile","description":"Muchas gracias a TF1 por este reportaje dedicado a Aerophile, emitido en el telediario de las 13:00 horas del 14 de abril de 2026. El pebetero de los","robots":{"index":"index","follow":"follow","max-snippet":"max-snippet:-1","max-image-preview":"max-image-preview:large","max-video-preview":"max-video-preview:-1"},"canonical":"https:\/\/www.aerophile.com\/es\/reportaje-tv-aerophiles-globos-un-exito-frances\/","og_locale":"es_ES","og_type":"article","og_title":"[Reportaje TV] Aerophile's globos: un \u00e9xito franc\u00e9s - Aerophile","og_description":"Muchas gracias a TF1 por este reportaje dedicado a Aerophile, emitido en el telediario de las 13:00 horas del 14 de abril de 2026. El pebetero de los","og_url":"https:\/\/www.aerophile.com\/es\/reportaje-tv-aerophiles-globos-un-exito-frances\/","og_site_name":"Aerophile","article_publisher":"https:\/\/www.facebook.com\/AerophileSAS\/","article_published_time":"2026-04-16T10:12:08+00:00","article_modified_time":"2026-04-29T14:37:41+00:00","og_image":[{"width":2310,"height":1412,"url":"https:\/\/www.aerophile.com\/admin\/wp-content\/uploads\/2026\/04\/jt-13h-tf1-14042026-aspect-ratio-360-220.png","type":"image\/png"}],"author":"Nathalie","twitter_card":"summary_large_image","twitter_creator":"@AEROPHILE_SAS","twitter_site":"@AEROPHILE_SAS","twitter_misc":{"Escrito por":"Nathalie"},"schema":{"@context":"https:\/\/schema.org","@graph":[{"@type":"Article","@id":"https:\/\/www.aerophile.com\/es\/reportaje-tv-aerophiles-globos-un-exito-frances\/#article","isPartOf":{"@id":"https:\/\/www.aerophile.com\/es\/reportaje-tv-aerophiles-globos-un-exito-frances\/"},"author":{"name":"Nathalie","@id":"https:\/\/www.aerophile.com\/es\/#\/schema\/person\/4b7d2dc5263f48778ab7e062768826e9"},"headline":"[Reportaje TV] Aerophile&#8217;s globos: un \u00e9xito franc\u00e9s","datePublished":"2026-04-16T10:12:08+00:00","dateModified":"2026-04-29T14:37:41+00:00","mainEntityOfPage":{"@id":"https:\/\/www.aerophile.com\/es\/reportaje-tv-aerophiles-globos-un-exito-frances\/"},"wordCount":108,"publisher":{"@id":"https:\/\/www.aerophile.com\/es\/#organization"},"image":{"@id":"https:\/\/www.aerophile.com\/es\/reportaje-tv-aerophiles-globos-un-exito-frances\/#primaryimage"},"thumbnailUrl":"https:\/\/www.aerophile.com\/admin\/wp-content\/uploads\/2026\/04\/jt-13h-tf1-14042026-aspect-ratio-360-220.png","articleSection":["News"],"inLanguage":"es"},{"@type":"WebPage","@id":"https:\/\/www.aerophile.com\/es\/reportaje-tv-aerophiles-globos-un-exito-frances\/","url":"https:\/\/www.aerophile.com\/es\/reportaje-tv-aerophiles-globos-un-exito-frances\/","name":"[Reportaje TV] Aerophile's globos: un \u00e9xito franc\u00e9s - Aerophile","isPartOf":{"@id":"https:\/\/www.aerophile.com\/es\/#website"},"primaryImageOfPage":{"@id":"https:\/\/www.aerophile.com\/es\/reportaje-tv-aerophiles-globos-un-exito-frances\/#primaryimage"},"image":{"@id":"https:\/\/www.aerophile.com\/es\/reportaje-tv-aerophiles-globos-un-exito-frances\/#primaryimage"},"thumbnailUrl":"https:\/\/www.aerophile.com\/admin\/wp-content\/uploads\/2026\/04\/jt-13h-tf1-14042026-aspect-ratio-360-220.png","datePublished":"2026-04-16T10:12:08+00:00","dateModified":"2026-04-29T14:37:41+00:00","description":"Muchas gracias a TF1 por este reportaje dedicado a Aerophile, emitido en el telediario de las 13:00 horas del 14 de abril de 2026. El pebetero de los","inLanguage":"es","potentialAction":[{"@type":"ReadAction","target":["https:\/\/www.aerophile.com\/es\/reportaje-tv-aerophiles-globos-un-exito-frances\/"]}]},{"@type":"ImageObject","inLanguage":"es","@id":"https:\/\/www.aerophile.com\/es\/reportaje-tv-aerophiles-globos-un-exito-frances\/#primaryimage","url":"https:\/\/www.aerophile.com\/admin\/wp-content\/uploads\/2026\/04\/jt-13h-tf1-14042026-aspect-ratio-360-220.png","contentUrl":"https:\/\/www.aerophile.com\/admin\/wp-content\/uploads\/2026\/04\/jt-13h-tf1-14042026-aspect-ratio-360-220.png","width":2310,"height":1412},{"@type":"WebSite","@id":"https:\/\/www.aerophile.com\/es\/#website","url":"https:\/\/www.aerophile.com\/es\/","name":"Aerophile","description":"El leader mundial del globo cautivo","publisher":{"@id":"https:\/\/www.aerophile.com\/es\/#organization"},"potentialAction":[{"@type":"SearchAction","target":{"@type":"EntryPoint","urlTemplate":"https:\/\/www.aerophile.com\/es\/?s={search_term_string}"},"query-input":{"@type":"PropertyValueSpecification","valueRequired":true,"valueName":"search_term_string"}}],"inLanguage":"es"},{"@type":"Organization","@id":"https:\/\/www.aerophile.com\/es\/#organization","name":"Aerophile","url":"https:\/\/www.aerophile.com\/es\/","logo":{"@type":"ImageObject","inLanguage":"es","@id":"https:\/\/www.aerophile.com\/es\/#\/schema\/logo\/image\/","url":"https:\/\/www.aerophile.com\/admin\/wp-content\/uploads\/2023\/03\/logo-aerophile-30-web-1.png","contentUrl":"https:\/\/www.aerophile.com\/admin\/wp-content\/uploads\/2023\/03\/logo-aerophile-30-web-1.png","width":1015,"height":597,"caption":"Aerophile"},"image":{"@id":"https:\/\/www.aerophile.com\/es\/#\/schema\/logo\/image\/"},"sameAs":["https:\/\/www.facebook.com\/AerophileSAS\/","https:\/\/x.com\/AEROPHILE_SAS"]},{"@type":"Person","@id":"https:\/\/www.aerophile.com\/es\/#\/schema\/person\/4b7d2dc5263f48778ab7e062768826e9","name":"Nathalie","image":{"@type":"ImageObject","inLanguage":"es","@id":"https:\/\/secure.gravatar.com\/avatar\/6a2ec4cbac893668c574d7d09a7b1f34c57fcc7846829e4e345282d4315f489d?s=96&d=mm&r=g","url":"https:\/\/secure.gravatar.com\/avatar\/6a2ec4cbac893668c574d7d09a7b1f34c57fcc7846829e4e345282d4315f489d?s=96&d=mm&r=g","contentUrl":"https:\/\/secure.gravatar.com\/avatar\/6a2ec4cbac893668c574d7d09a7b1f34c57fcc7846829e4e345282d4315f489d?s=96&d=mm&r=g","caption":"Nathalie"}}]}},"_links":{"self":[{"href":"https:\/\/www.aerophile.com\/es\/wp-json\/wp\/v2\/posts\/12781","targetHints":{"allow":["GET"]}}],"collection":[{"href":"https:\/\/www.aerophile.com\/es\/wp-json\/wp\/v2\/posts"}],"about":[{"href":"https:\/\/www.aerophile.com\/es\/wp-json\/wp\/v2\/types\/post"}],"author":[{"embeddable":true,"href":"https:\/\/www.aerophile.com\/es\/wp-json\/wp\/v2\/users\/5"}],"replies":[{"embeddable":true,"href":"https:\/\/www.aerophile.com\/es\/wp-json\/wp\/v2\/comments?post=12781"}],"version-history":[{"count":1,"href":"https:\/\/www.aerophile.com\/es\/wp-json\/wp\/v2\/posts\/12781\/revisions"}],"predecessor-version":[{"id":12782,"href":"https:\/\/www.aerophile.com\/es\/wp-json\/wp\/v2\/posts\/12781\/revisions\/12782"}],"wp:featuredmedia":[{"embeddable":true,"href":"https:\/\/www.aerophile.com\/es\/wp-json\/wp\/v2\/media\/12772"}],"wp:attachment":[{"href":"https:\/\/www.aerophile.com\/es\/wp-json\/wp\/v2\/media?parent=12781"}],"wp:term":[{"taxonomy":"category","embeddable":true,"href":"https:\/\/www.aerophile.com\/es\/wp-json\/wp\/v2\/categories?post=12781"},{"taxonomy":"post_tag","embeddable":true,"href":"https:\/\/www.aerophile.com\/es\/wp-json\/wp\/v2\/tags?post=12781"}],"curies":[{"name":"wp","href":"https:\/\/api.w.org\/{rel}","templated":true}]}}