{"id":12754,"date":"2026-04-10T15:37:30","date_gmt":"2026-04-10T13:37:30","guid":{"rendered":"https:\/\/www.aerophile.com\/?p=12754"},"modified":"2026-04-13T15:55:30","modified_gmt":"2026-04-13T13:55:30","slug":"%f0%9f%8c%ac%ef%b8%8f-el-globo-generali-de-paris-se-eleva-en-favor-de-nuestra-salud-respiratoria","status":"publish","type":"post","link":"https:\/\/www.aerophile.com\/es\/%f0%9f%8c%ac%ef%b8%8f-el-globo-generali-de-paris-se-eleva-en-favor-de-nuestra-salud-respiratoria\/","title":{"rendered":"\ud83c\udf2c\ufe0f El Globo Generali de Par\u00eds se eleva en favor de nuestra salud respiratoria."},"content":{"rendered":"<p>La Fundaci\u00f3n del Aliento acaba de presentar la segunda edici\u00f3n de \u00abRegards sur le Souffle\u00bb, su bar\u00f3metro anual sobre la salud respiratoria de los franceses, durante una rueda de prensa celebrada en el Ballon Generali de Par\u00eds. La conclusi\u00f3n es clara: aunque el 74 % de los franceses afirma estar mejor informado, persisten los comportamientos de riesgo. El 44 % declara tener al menos un s\u00edntoma respiratorio, y el 63 % est\u00e1 expuesto a al menos un irritante a diario.<\/p>\n<p>Conocer los riesgos no basta. El reto consiste en convertir la informaci\u00f3n en un reflejo. Con este esp\u00edritu, el Globo Generali ha instalado un medidor de polen a bordo de su barquilla, que permite proporcionar al p\u00fablico en general informaci\u00f3n en tiempo real a trav\u00e9s de la p\u00e1gina web del Globo. Una contribuci\u00f3n directa a la investigaci\u00f3n y a la informaci\u00f3n sobre la calidad del aire, en pleno centro de Par\u00eds, como complemento a las mediciones de part\u00edculas finas, ozono y los principales gases de efecto invernadero realizadas en el Globo.<\/p>\n<p>Esta colaboraci\u00f3n entre Aerophile y la Fundaci\u00f3n del Aliento ilustra a la perfecci\u00f3n c\u00f3mo la innovaci\u00f3n y el compromiso con la salud pueden ir de la mano. Porque solo se puede proteger lo que se conoce, cada vuelo del Globo Generali genera datos al servicio de nuestra salud colectiva.<\/p>\n<p>Gracias a los ponentes por sus presentaciones claras e instructivas:<br \/>\n. Prof. Bruno Crestani, presidente de la Fundaci\u00f3n del Aliento,<br \/>\n. Prof. Manuel Tunon de Lara, vicepresidente de la Fundaci\u00f3n del Aliento,<br \/>\n. Pierre Lutz, investigador galardonado por la Fundaci\u00f3n del Aliento por su trabajo sobre el asma al\u00e9rgica,<br \/>\n. Jean-Baptiste Renard, director de investigaci\u00f3n del CNRS,<br \/>\n. J\u00e9r\u00f4me Giacomoni, cofundador de Aerophile.<\/p>\n<p><img loading=\"lazy\" decoding=\"async\" class=\"alignnone  wp-image-12733\" src=\"https:\/\/www.aerophile.com\/admin\/wp-content\/uploads\/2026\/04\/img-7748-360x270.jpeg\" alt=\"\" width=\"351\" height=\"264\" srcset=\"https:\/\/www.aerophile.com\/admin\/wp-content\/uploads\/2026\/04\/img-7748-360x270.jpeg 360w, https:\/\/www.aerophile.com\/admin\/wp-content\/uploads\/2026\/04\/img-7748-1400x1050.jpeg 1400w, https:\/\/www.aerophile.com\/admin\/wp-content\/uploads\/2026\/04\/img-7748-84x63.jpeg 84w, https:\/\/www.aerophile.com\/admin\/wp-content\/uploads\/2026\/04\/img-7748-768x576.jpeg 768w, https:\/\/www.aerophile.com\/admin\/wp-content\/uploads\/2026\/04\/img-7748-80x60.jpeg 80w, https:\/\/www.aerophile.com\/admin\/wp-content\/uploads\/2026\/04\/img-7748-1536x1152.jpeg 1536w, https:\/\/www.aerophile.com\/admin\/wp-content\/uploads\/2026\/04\/img-7748-2048x1536.jpeg 2048w\" sizes=\"auto, (max-width: 351px) 100vw, 351px\" \/> <img loading=\"lazy\" decoding=\"async\" class=\"alignnone size-medium wp-image-12739\" src=\"https:\/\/www.aerophile.com\/admin\/wp-content\/uploads\/2026\/04\/img-7778-360x261.jpeg\" alt=\"\" width=\"360\" height=\"261\" srcset=\"https:\/\/www.aerophile.com\/admin\/wp-content\/uploads\/2026\/04\/img-7778-360x261.jpeg 360w, https:\/\/www.aerophile.com\/admin\/wp-content\/uploads\/2026\/04\/img-7778-1400x1015.jpeg 1400w, https:\/\/www.aerophile.com\/admin\/wp-content\/uploads\/2026\/04\/img-7778-84x61.jpeg 84w, https:\/\/www.aerophile.com\/admin\/wp-content\/uploads\/2026\/04\/img-7778-768x557.jpeg 768w, https:\/\/www.aerophile.com\/admin\/wp-content\/uploads\/2026\/04\/img-7778-80x58.jpeg 80w, https:\/\/www.aerophile.com\/admin\/wp-content\/uploads\/2026\/04\/img-7778-1536x1114.jpeg 1536w, https:\/\/www.aerophile.com\/admin\/wp-content\/uploads\/2026\/04\/img-7778-2048x1485.jpeg 2048w\" sizes=\"auto, (max-width: 360px) 100vw, 360px\" \/><\/p>\n","protected":false},"excerpt":{"rendered":"<p>La Fundaci\u00f3n del Aliento acaba de presentar la segunda edici\u00f3n de \u00abRegards sur le Souffle\u00bb, su bar\u00f3metro anual sobre la salud respiratoria de los franceses, durante una rueda de prensa celebrada en el Ballon Generali de Par\u00eds. La conclusi\u00f3n es clara: aunque el 74 % de los franceses afirma estar mejor informado, persisten los comportamientos [&hellip;]<\/p>\n","protected":false},"author":5,"featured_media":12740,"comment_status":"closed","ping_status":"closed","sticky":false,"template":"","format":"standard","meta":{"_acf_changed":false,"footnotes":""},"categories":[4],"tags":[],"class_list":["post-12754","post","type-post","status-publish","format-standard","has-post-thumbnail","hentry","category-news-es"],"acf":[],"yoast_head":"<!-- This site is optimized with the Yoast SEO plugin v27.2 - https:\/\/yoast.com\/product\/yoast-seo-wordpress\/ -->\n<title>\ud83c\udf2c\ufe0f El Globo Generali de Par\u00eds se eleva en favor de nuestra salud respiratoria. - Aerophile<\/title>\n<meta name=\"description\" content=\"La Fundaci\u00f3n del Aliento acaba de presentar la segunda edici\u00f3n de \u00abRegards sur le Souffle\u00bb, su bar\u00f3metro anual sobre la salud respiratoria de los\" \/>\n<meta name=\"robots\" content=\"index, follow, max-snippet:-1, max-image-preview:large, max-video-preview:-1\" \/>\n<link rel=\"canonical\" href=\"https:\/\/www.aerophile.com\/es\/%f0%9f%8c%ac%ef%b8%8f-el-globo-generali-de-paris-se-eleva-en-favor-de-nuestra-salud-respiratoria\/\" \/>\n<meta property=\"og:locale\" content=\"es_ES\" \/>\n<meta property=\"og:type\" content=\"article\" \/>\n<meta property=\"og:title\" content=\"\ud83c\udf2c\ufe0f El Globo Generali de Par\u00eds se eleva en favor de nuestra salud respiratoria. - Aerophile\" \/>\n<meta property=\"og:description\" content=\"La Fundaci\u00f3n del Aliento acaba de presentar la segunda edici\u00f3n de \u00abRegards sur le Souffle\u00bb, su bar\u00f3metro anual sobre la salud respiratoria de los\" \/>\n<meta property=\"og:url\" content=\"https:\/\/www.aerophile.com\/es\/%f0%9f%8c%ac%ef%b8%8f-el-globo-generali-de-paris-se-eleva-en-favor-de-nuestra-salud-respiratoria\/\" \/>\n<meta property=\"og:site_name\" content=\"Aerophile\" \/>\n<meta property=\"article:publisher\" content=\"https:\/\/www.facebook.com\/AerophileSAS\/\" \/>\n<meta property=\"article:published_time\" content=\"2026-04-10T13:37:30+00:00\" \/>\n<meta property=\"article:modified_time\" content=\"2026-04-13T13:55:30+00:00\" \/>\n<meta property=\"og:image\" content=\"https:\/\/www.aerophile.com\/admin\/wp-content\/uploads\/2026\/04\/img-7765-scaled-aspect-ratio-360-220-scaled.jpeg\" \/>\n\t<meta property=\"og:image:width\" content=\"2560\" \/>\n\t<meta property=\"og:image:height\" content=\"1564\" \/>\n\t<meta property=\"og:image:type\" content=\"image\/jpeg\" \/>\n<meta name=\"author\" content=\"Nathalie\" \/>\n<meta name=\"twitter:card\" content=\"summary_large_image\" \/>\n<meta name=\"twitter:creator\" content=\"@AEROPHILE_SAS\" \/>\n<meta name=\"twitter:site\" content=\"@AEROPHILE_SAS\" \/>\n<meta name=\"twitter:label1\" content=\"Escrito por\" \/>\n\t<meta name=\"twitter:data1\" content=\"Nathalie\" \/>\n\t<meta name=\"twitter:label2\" content=\"Tiempo de lectura\" \/>\n\t<meta name=\"twitter:data2\" content=\"2 minutos\" \/>\n<script type=\"application\/ld+json\" class=\"yoast-schema-graph\">{\"@context\":\"https:\/\/schema.org\",\"@graph\":[{\"@type\":\"Article\",\"@id\":\"https:\/\/www.aerophile.com\/es\/%f0%9f%8c%ac%ef%b8%8f-el-globo-generali-de-paris-se-eleva-en-favor-de-nuestra-salud-respiratoria\/#article\",\"isPartOf\":{\"@id\":\"https:\/\/www.aerophile.com\/es\/%f0%9f%8c%ac%ef%b8%8f-el-globo-generali-de-paris-se-eleva-en-favor-de-nuestra-salud-respiratoria\/\"},\"author\":{\"name\":\"Nathalie\",\"@id\":\"https:\/\/www.aerophile.com\/es\/#\/schema\/person\/4b7d2dc5263f48778ab7e062768826e9\"},\"headline\":\"\ud83c\udf2c\ufe0f El Globo Generali de Par\u00eds se eleva en favor de nuestra salud respiratoria.\",\"datePublished\":\"2026-04-10T13:37:30+00:00\",\"dateModified\":\"2026-04-13T13:55:30+00:00\",\"mainEntityOfPage\":{\"@id\":\"https:\/\/www.aerophile.com\/es\/%f0%9f%8c%ac%ef%b8%8f-el-globo-generali-de-paris-se-eleva-en-favor-de-nuestra-salud-respiratoria\/\"},\"wordCount\":315,\"publisher\":{\"@id\":\"https:\/\/www.aerophile.com\/es\/#organization\"},\"image\":{\"@id\":\"https:\/\/www.aerophile.com\/es\/%f0%9f%8c%ac%ef%b8%8f-el-globo-generali-de-paris-se-eleva-en-favor-de-nuestra-salud-respiratoria\/#primaryimage\"},\"thumbnailUrl\":\"https:\/\/www.aerophile.com\/admin\/wp-content\/uploads\/2026\/04\/img-7765-scaled-aspect-ratio-360-220-scaled.jpeg\",\"articleSection\":[\"News\"],\"inLanguage\":\"es\"},{\"@type\":\"WebPage\",\"@id\":\"https:\/\/www.aerophile.com\/es\/%f0%9f%8c%ac%ef%b8%8f-el-globo-generali-de-paris-se-eleva-en-favor-de-nuestra-salud-respiratoria\/\",\"url\":\"https:\/\/www.aerophile.com\/es\/%f0%9f%8c%ac%ef%b8%8f-el-globo-generali-de-paris-se-eleva-en-favor-de-nuestra-salud-respiratoria\/\",\"name\":\"\ud83c\udf2c\ufe0f El Globo Generali de Par\u00eds se eleva en favor de nuestra salud respiratoria. - Aerophile\",\"isPartOf\":{\"@id\":\"https:\/\/www.aerophile.com\/es\/#website\"},\"primaryImageOfPage\":{\"@id\":\"https:\/\/www.aerophile.com\/es\/%f0%9f%8c%ac%ef%b8%8f-el-globo-generali-de-paris-se-eleva-en-favor-de-nuestra-salud-respiratoria\/#primaryimage\"},\"image\":{\"@id\":\"https:\/\/www.aerophile.com\/es\/%f0%9f%8c%ac%ef%b8%8f-el-globo-generali-de-paris-se-eleva-en-favor-de-nuestra-salud-respiratoria\/#primaryimage\"},\"thumbnailUrl\":\"https:\/\/www.aerophile.com\/admin\/wp-content\/uploads\/2026\/04\/img-7765-scaled-aspect-ratio-360-220-scaled.jpeg\",\"datePublished\":\"2026-04-10T13:37:30+00:00\",\"dateModified\":\"2026-04-13T13:55:30+00:00\",\"description\":\"La Fundaci\u00f3n del Aliento acaba de presentar la segunda edici\u00f3n de \u00abRegards sur le Souffle\u00bb, su bar\u00f3metro anual sobre la salud respiratoria de los\",\"inLanguage\":\"es\",\"potentialAction\":[{\"@type\":\"ReadAction\",\"target\":[\"https:\/\/www.aerophile.com\/es\/%f0%9f%8c%ac%ef%b8%8f-el-globo-generali-de-paris-se-eleva-en-favor-de-nuestra-salud-respiratoria\/\"]}]},{\"@type\":\"ImageObject\",\"inLanguage\":\"es\",\"@id\":\"https:\/\/www.aerophile.com\/es\/%f0%9f%8c%ac%ef%b8%8f-el-globo-generali-de-paris-se-eleva-en-favor-de-nuestra-salud-respiratoria\/#primaryimage\",\"url\":\"https:\/\/www.aerophile.com\/admin\/wp-content\/uploads\/2026\/04\/img-7765-scaled-aspect-ratio-360-220-scaled.jpeg\",\"contentUrl\":\"https:\/\/www.aerophile.com\/admin\/wp-content\/uploads\/2026\/04\/img-7765-scaled-aspect-ratio-360-220-scaled.jpeg\",\"width\":2560,\"height\":1564},{\"@type\":\"WebSite\",\"@id\":\"https:\/\/www.aerophile.com\/es\/#website\",\"url\":\"https:\/\/www.aerophile.com\/es\/\",\"name\":\"Aerophile\",\"description\":\"El leader mundial del globo cautivo\",\"publisher\":{\"@id\":\"https:\/\/www.aerophile.com\/es\/#organization\"},\"potentialAction\":[{\"@type\":\"SearchAction\",\"target\":{\"@type\":\"EntryPoint\",\"urlTemplate\":\"https:\/\/www.aerophile.com\/es\/?s={search_term_string}\"},\"query-input\":{\"@type\":\"PropertyValueSpecification\",\"valueRequired\":true,\"valueName\":\"search_term_string\"}}],\"inLanguage\":\"es\"},{\"@type\":\"Organization\",\"@id\":\"https:\/\/www.aerophile.com\/es\/#organization\",\"name\":\"Aerophile\",\"url\":\"https:\/\/www.aerophile.com\/es\/\",\"logo\":{\"@type\":\"ImageObject\",\"inLanguage\":\"es\",\"@id\":\"https:\/\/www.aerophile.com\/es\/#\/schema\/logo\/image\/\",\"url\":\"https:\/\/www.aerophile.com\/admin\/wp-content\/uploads\/2023\/03\/logo-aerophile-30-web-1.png\",\"contentUrl\":\"https:\/\/www.aerophile.com\/admin\/wp-content\/uploads\/2023\/03\/logo-aerophile-30-web-1.png\",\"width\":1015,\"height\":597,\"caption\":\"Aerophile\"},\"image\":{\"@id\":\"https:\/\/www.aerophile.com\/es\/#\/schema\/logo\/image\/\"},\"sameAs\":[\"https:\/\/www.facebook.com\/AerophileSAS\/\",\"https:\/\/x.com\/AEROPHILE_SAS\"]},{\"@type\":\"Person\",\"@id\":\"https:\/\/www.aerophile.com\/es\/#\/schema\/person\/4b7d2dc5263f48778ab7e062768826e9\",\"name\":\"Nathalie\",\"image\":{\"@type\":\"ImageObject\",\"inLanguage\":\"es\",\"@id\":\"https:\/\/secure.gravatar.com\/avatar\/6a2ec4cbac893668c574d7d09a7b1f34c57fcc7846829e4e345282d4315f489d?s=96&d=mm&r=g\",\"url\":\"https:\/\/secure.gravatar.com\/avatar\/6a2ec4cbac893668c574d7d09a7b1f34c57fcc7846829e4e345282d4315f489d?s=96&d=mm&r=g\",\"contentUrl\":\"https:\/\/secure.gravatar.com\/avatar\/6a2ec4cbac893668c574d7d09a7b1f34c57fcc7846829e4e345282d4315f489d?s=96&d=mm&r=g\",\"caption\":\"Nathalie\"}}]}<\/script>\n<!-- \/ Yoast SEO plugin. -->","yoast_head_json":{"title":"\ud83c\udf2c\ufe0f El Globo Generali de Par\u00eds se eleva en favor de nuestra salud respiratoria. - Aerophile","description":"La Fundaci\u00f3n del Aliento acaba de presentar la segunda edici\u00f3n de \u00abRegards sur le Souffle\u00bb, su bar\u00f3metro anual sobre la salud respiratoria de los","robots":{"index":"index","follow":"follow","max-snippet":"max-snippet:-1","max-image-preview":"max-image-preview:large","max-video-preview":"max-video-preview:-1"},"canonical":"https:\/\/www.aerophile.com\/es\/%f0%9f%8c%ac%ef%b8%8f-el-globo-generali-de-paris-se-eleva-en-favor-de-nuestra-salud-respiratoria\/","og_locale":"es_ES","og_type":"article","og_title":"\ud83c\udf2c\ufe0f El Globo Generali de Par\u00eds se eleva en favor de nuestra salud respiratoria. - Aerophile","og_description":"La Fundaci\u00f3n del Aliento acaba de presentar la segunda edici\u00f3n de \u00abRegards sur le Souffle\u00bb, su bar\u00f3metro anual sobre la salud respiratoria de los","og_url":"https:\/\/www.aerophile.com\/es\/%f0%9f%8c%ac%ef%b8%8f-el-globo-generali-de-paris-se-eleva-en-favor-de-nuestra-salud-respiratoria\/","og_site_name":"Aerophile","article_publisher":"https:\/\/www.facebook.com\/AerophileSAS\/","article_published_time":"2026-04-10T13:37:30+00:00","article_modified_time":"2026-04-13T13:55:30+00:00","og_image":[{"width":2560,"height":1564,"url":"https:\/\/www.aerophile.com\/admin\/wp-content\/uploads\/2026\/04\/img-7765-scaled-aspect-ratio-360-220-scaled.jpeg","type":"image\/jpeg"}],"author":"Nathalie","twitter_card":"summary_large_image","twitter_creator":"@AEROPHILE_SAS","twitter_site":"@AEROPHILE_SAS","twitter_misc":{"Escrito por":"Nathalie","Tiempo de lectura":"2 minutos"},"schema":{"@context":"https:\/\/schema.org","@graph":[{"@type":"Article","@id":"https:\/\/www.aerophile.com\/es\/%f0%9f%8c%ac%ef%b8%8f-el-globo-generali-de-paris-se-eleva-en-favor-de-nuestra-salud-respiratoria\/#article","isPartOf":{"@id":"https:\/\/www.aerophile.com\/es\/%f0%9f%8c%ac%ef%b8%8f-el-globo-generali-de-paris-se-eleva-en-favor-de-nuestra-salud-respiratoria\/"},"author":{"name":"Nathalie","@id":"https:\/\/www.aerophile.com\/es\/#\/schema\/person\/4b7d2dc5263f48778ab7e062768826e9"},"headline":"\ud83c\udf2c\ufe0f El Globo Generali de Par\u00eds se eleva en favor de nuestra salud respiratoria.","datePublished":"2026-04-10T13:37:30+00:00","dateModified":"2026-04-13T13:55:30+00:00","mainEntityOfPage":{"@id":"https:\/\/www.aerophile.com\/es\/%f0%9f%8c%ac%ef%b8%8f-el-globo-generali-de-paris-se-eleva-en-favor-de-nuestra-salud-respiratoria\/"},"wordCount":315,"publisher":{"@id":"https:\/\/www.aerophile.com\/es\/#organization"},"image":{"@id":"https:\/\/www.aerophile.com\/es\/%f0%9f%8c%ac%ef%b8%8f-el-globo-generali-de-paris-se-eleva-en-favor-de-nuestra-salud-respiratoria\/#primaryimage"},"thumbnailUrl":"https:\/\/www.aerophile.com\/admin\/wp-content\/uploads\/2026\/04\/img-7765-scaled-aspect-ratio-360-220-scaled.jpeg","articleSection":["News"],"inLanguage":"es"},{"@type":"WebPage","@id":"https:\/\/www.aerophile.com\/es\/%f0%9f%8c%ac%ef%b8%8f-el-globo-generali-de-paris-se-eleva-en-favor-de-nuestra-salud-respiratoria\/","url":"https:\/\/www.aerophile.com\/es\/%f0%9f%8c%ac%ef%b8%8f-el-globo-generali-de-paris-se-eleva-en-favor-de-nuestra-salud-respiratoria\/","name":"\ud83c\udf2c\ufe0f El Globo Generali de Par\u00eds se eleva en favor de nuestra salud respiratoria. - Aerophile","isPartOf":{"@id":"https:\/\/www.aerophile.com\/es\/#website"},"primaryImageOfPage":{"@id":"https:\/\/www.aerophile.com\/es\/%f0%9f%8c%ac%ef%b8%8f-el-globo-generali-de-paris-se-eleva-en-favor-de-nuestra-salud-respiratoria\/#primaryimage"},"image":{"@id":"https:\/\/www.aerophile.com\/es\/%f0%9f%8c%ac%ef%b8%8f-el-globo-generali-de-paris-se-eleva-en-favor-de-nuestra-salud-respiratoria\/#primaryimage"},"thumbnailUrl":"https:\/\/www.aerophile.com\/admin\/wp-content\/uploads\/2026\/04\/img-7765-scaled-aspect-ratio-360-220-scaled.jpeg","datePublished":"2026-04-10T13:37:30+00:00","dateModified":"2026-04-13T13:55:30+00:00","description":"La Fundaci\u00f3n del Aliento acaba de presentar la segunda edici\u00f3n de \u00abRegards sur le Souffle\u00bb, su bar\u00f3metro anual sobre la salud respiratoria de los","inLanguage":"es","potentialAction":[{"@type":"ReadAction","target":["https:\/\/www.aerophile.com\/es\/%f0%9f%8c%ac%ef%b8%8f-el-globo-generali-de-paris-se-eleva-en-favor-de-nuestra-salud-respiratoria\/"]}]},{"@type":"ImageObject","inLanguage":"es","@id":"https:\/\/www.aerophile.com\/es\/%f0%9f%8c%ac%ef%b8%8f-el-globo-generali-de-paris-se-eleva-en-favor-de-nuestra-salud-respiratoria\/#primaryimage","url":"https:\/\/www.aerophile.com\/admin\/wp-content\/uploads\/2026\/04\/img-7765-scaled-aspect-ratio-360-220-scaled.jpeg","contentUrl":"https:\/\/www.aerophile.com\/admin\/wp-content\/uploads\/2026\/04\/img-7765-scaled-aspect-ratio-360-220-scaled.jpeg","width":2560,"height":1564},{"@type":"WebSite","@id":"https:\/\/www.aerophile.com\/es\/#website","url":"https:\/\/www.aerophile.com\/es\/","name":"Aerophile","description":"El leader mundial del globo cautivo","publisher":{"@id":"https:\/\/www.aerophile.com\/es\/#organization"},"potentialAction":[{"@type":"SearchAction","target":{"@type":"EntryPoint","urlTemplate":"https:\/\/www.aerophile.com\/es\/?s={search_term_string}"},"query-input":{"@type":"PropertyValueSpecification","valueRequired":true,"valueName":"search_term_string"}}],"inLanguage":"es"},{"@type":"Organization","@id":"https:\/\/www.aerophile.com\/es\/#organization","name":"Aerophile","url":"https:\/\/www.aerophile.com\/es\/","logo":{"@type":"ImageObject","inLanguage":"es","@id":"https:\/\/www.aerophile.com\/es\/#\/schema\/logo\/image\/","url":"https:\/\/www.aerophile.com\/admin\/wp-content\/uploads\/2023\/03\/logo-aerophile-30-web-1.png","contentUrl":"https:\/\/www.aerophile.com\/admin\/wp-content\/uploads\/2023\/03\/logo-aerophile-30-web-1.png","width":1015,"height":597,"caption":"Aerophile"},"image":{"@id":"https:\/\/www.aerophile.com\/es\/#\/schema\/logo\/image\/"},"sameAs":["https:\/\/www.facebook.com\/AerophileSAS\/","https:\/\/x.com\/AEROPHILE_SAS"]},{"@type":"Person","@id":"https:\/\/www.aerophile.com\/es\/#\/schema\/person\/4b7d2dc5263f48778ab7e062768826e9","name":"Nathalie","image":{"@type":"ImageObject","inLanguage":"es","@id":"https:\/\/secure.gravatar.com\/avatar\/6a2ec4cbac893668c574d7d09a7b1f34c57fcc7846829e4e345282d4315f489d?s=96&d=mm&r=g","url":"https:\/\/secure.gravatar.com\/avatar\/6a2ec4cbac893668c574d7d09a7b1f34c57fcc7846829e4e345282d4315f489d?s=96&d=mm&r=g","contentUrl":"https:\/\/secure.gravatar.com\/avatar\/6a2ec4cbac893668c574d7d09a7b1f34c57fcc7846829e4e345282d4315f489d?s=96&d=mm&r=g","caption":"Nathalie"}}]}},"_links":{"self":[{"href":"https:\/\/www.aerophile.com\/es\/wp-json\/wp\/v2\/posts\/12754","targetHints":{"allow":["GET"]}}],"collection":[{"href":"https:\/\/www.aerophile.com\/es\/wp-json\/wp\/v2\/posts"}],"about":[{"href":"https:\/\/www.aerophile.com\/es\/wp-json\/wp\/v2\/types\/post"}],"author":[{"embeddable":true,"href":"https:\/\/www.aerophile.com\/es\/wp-json\/wp\/v2\/users\/5"}],"replies":[{"embeddable":true,"href":"https:\/\/www.aerophile.com\/es\/wp-json\/wp\/v2\/comments?post=12754"}],"version-history":[{"count":1,"href":"https:\/\/www.aerophile.com\/es\/wp-json\/wp\/v2\/posts\/12754\/revisions"}],"predecessor-version":[{"id":12755,"href":"https:\/\/www.aerophile.com\/es\/wp-json\/wp\/v2\/posts\/12754\/revisions\/12755"}],"wp:featuredmedia":[{"embeddable":true,"href":"https:\/\/www.aerophile.com\/es\/wp-json\/wp\/v2\/media\/12740"}],"wp:attachment":[{"href":"https:\/\/www.aerophile.com\/es\/wp-json\/wp\/v2\/media?parent=12754"}],"wp:term":[{"taxonomy":"category","embeddable":true,"href":"https:\/\/www.aerophile.com\/es\/wp-json\/wp\/v2\/categories?post=12754"},{"taxonomy":"post_tag","embeddable":true,"href":"https:\/\/www.aerophile.com\/es\/wp-json\/wp\/v2\/tags?post=12754"}],"curies":[{"name":"wp","href":"https:\/\/api.w.org\/{rel}","templated":true}]}}